{"id":60491,"date":"2022-08-22T14:18:51","date_gmt":"2022-08-22T12:18:51","guid":{"rendered":"https:\/\/fedil.lu\/?post_type=member-news&#038;p=60491"},"modified":"2022-08-22T14:18:54","modified_gmt":"2022-08-22T12:18:54","slug":"webasto-erwirbt-luxemburger-glasspezialisten-carlex","status":"publish","type":"member-news","link":"https:\/\/fedil.lu\/de\/member-news\/webasto-erwirbt-luxemburger-glasspezialisten-carlex\/","title":{"rendered":"Webasto erwirbt Luxemburger Glasspezialisten Carlex"},"content":{"rendered":"\n<p><strong>Produktion gefestigt, Arbeitspl\u00e4tze gesichert, potenzielle neue M\u00e4rkte ins Auge gefasst: Durch die \u00dcbernahme von Carlex Luxemburg durch den globalen Automobilzulieferer Webasto, ist der Produktionsstandort von hochwertigen Glasprodukten f\u00fcr Premium-Passagierfahrzeuge in Grevenmacher gefestigt und die Arbeitspl\u00e4tze der 500 Mitarbeiter*innen gesichert. Diese Erweiterung erm\u00f6glicht dem Unternehmen die Erschlie\u00dfung neuer Marktpotenziale im Kerngesch\u00e4ft. Webasto steigt somit in die Produktion eines wichtigen Materials f\u00fcr innovative Autodachsysteme ein: Glas.<\/strong><\/p>\n\n\n<div class=\"text-block js-section\">\n    <h2 class=\"text-block__title\" data-page-navigation=\"\">\n        \n    <\/h2>\n    <div class=\"text-block__text format-text\">\n        <p><strong>Luxemburg \u2013 22. August 2022 \u2013<\/strong> Der globale Systempartner der Mobilit\u00e4tsbranche, Webasto, hat die Carlex Glass Luxembourg S.A. in Grevenmacher (Luxemburg) \u00fcbernommen. Der Standort stellt Glaselemente f\u00fcr Personenkraftwagen her, z\u00e4hlt viele internationale Automobilhersteller zu seinen Kunden und war zuvor Teil der Carlex Glass America, LLC mit Sitz in Nashville, Tennessee (USA). <em>\u201eDie Investition in eine eigene Glasherstellung ist f\u00fcr uns ein wichtiger strategischer Schritt zur St\u00e4rkung der Wettbewerbsf\u00e4higkeit unseres umsatzst\u00e4rksten Gesch\u00e4ftsbereichs und damit der gesamten Webasto Gruppe\u201c<\/em>, unterstreicht Dr. Holger Engelmann, Vorstandsvorsitzender der Webasto SE.<\/p>\n<figure id=\"attachment_60484\" aria-describedby=\"caption-attachment-60484\" class=\"wp-caption aligncenter\"><img loading=\"lazy\" decoding=\"async\" class=\"size-full wp-image-60484\" src=\"https:\/\/fedil.lu\/wp-content\/uploads\/2022\/08\/Webasto_Grevenmacher.png\" alt=\"\" width=\"804\" height=\"438\" srcset=\"https:\/\/fedil.lu\/wp-content\/uploads\/2022\/08\/Webasto_Grevenmacher.png 804w, https:\/\/fedil.lu\/wp-content\/uploads\/2022\/08\/Webasto_Grevenmacher-480x261.png 480w, https:\/\/fedil.lu\/wp-content\/uploads\/2022\/08\/Webasto_Grevenmacher-768x418.png 768w\" sizes=\"auto, (max-width: 804px) 100vw, 804px\" \/><figcaption id=\"caption-attachment-60484\" class=\"wp-caption-text\">Der Produktionsstandort Grevenmacher<\/figcaption><\/figure>\n<p><strong>Festigung des Standortes und Sicherung aller Arbeitspl\u00e4tze<\/strong><\/p>\n<p>Seit dem 9. August 2022 geh\u00f6rt das Werk in Grevenmacher mit seinen rund 500\u00a0Mitarbeiter*innen zur Webasto Gruppe (davon sind 370 in der Produktion t\u00e4tig und 130 f\u00fcr die Administration zust\u00e4ndig). Die Glasexperten in Grevenmacher arbeiten k\u00fcnftig eng mit den Kolleg*innen der Entwicklung und der Validierung f\u00fcr Dachsysteme im Headquarter in Stockdorf bei M\u00fcnchen zusammen und sind stets auf der Suche nach motiviertem und qualifiziertem Fachpersonal. Der neue Standort firmiert unter Webasto Luxembourg S.A.<\/p>\n<p><strong>Gestiegene Kundenanspr\u00fcche umsetzen und &#8222;ma\u00dfgeschneiderte&#8220; Produkte herstellen: luxemburgischer Standort nahe am Premium-Kunden<\/strong><\/p>\n<p>Seit 1992 gibt es den Standort in Grevenmacher, der damals zum amerikanischen Produktionsunternehmen Guardian Industries Corp. geh\u00f6rte. Seit der Umfirmierung im Jahr 2014 lief die Produktionsst\u00e4tte unter dem Namen Carlex, als Teil der Central-Glass Co. Ltd. Firmengruppe, mit Sitz der Muttergesellschaft in Tokio.<\/p>\n<p>Der Standort Grevenmacher, der eine Gesamtfl\u00e4che von \u00fcber 50 000 Quadratmetern umfasst, wurde 2001 und 2004 um jeweils eine zus\u00e4tzliche Glasbeschichtungs- und im Jahr 2003 um eine Glash\u00e4rtungs-Anlage erg\u00e4nzt. 2004 wurden dar\u00fcber hinaus die Lagerr\u00e4ume erweitert. Mit der Inbetriebnahme einer weiteren, f\u00fcnften, Anlage zur Produktion von Windschutzscheiben im Jahr 2018 ist der Standort in Luxemburg bestens f\u00fcr die Zukunft der Automobilglas-Herstellung ger\u00fcstet. Ziel dieser Ma\u00dfnahme war die gestiegenen Anspr\u00fcche der Abnehmer aus der Automobilindustrie, also der Autohersteller und -zulieferer, in punkto optische Qualit\u00e4t und einem \u201eProdukt nach Ma\u00df\u201c, was Form und Eigenschaften der Windschutzscheibe betrifft, k\u00fcnftig noch effektiver befriedigen zu k\u00f6nnen.<\/p>\n<p>Das Werk in Luxemburg bietet wegen seiner g\u00fcnstigen geographischen Lage in Europa ideale Lieferwege zu den wichtigen\u00a0 High-End-Market-Kunden, wie z.B.: Volkswagen, BMW, Mercedes-Benz und Porsche, Audi, Lamborghini, Bentley, Rolls-Royce sowie Jaguar, Skoda, Seat und Peugeot.<\/p>\n<p><strong>Glasprodukte der h\u00f6chsten G\u00fcteklasse<\/strong><\/p>\n<p>Die Produktpalette umfasst Produkte aus laminiertem und geh\u00e4rtetem Glas. Hergestellt werden unter anderem Panoramad\u00e4cher, Windschutzscheiben, und Heckfenster\u00a0 sowie Glaskomponenten, die schallged\u00e4mpft (fu\u0308r akustischen Komfort), extradu\u0308nn (fu\u0308r ein reduziertes Fahrzeuggewicht), heizbar (mit feinem Draht oder Metallschicht ausgestattet), infrarotes Licht abweisend (fu\u0308r niedrigeren Treibstoff\u2000 Verbrauch und erh\u00f6hten Komfort) oder mit integriertem Head-Up-Display bzw. integrierten Antennen versehen sind.<\/p>\n<p>Mit zukunftsweisenden Technologien und Materialien entwickelt das Unternehmen sein Angebot in dieser Produktgruppe stetig weiter. Die Produktionskapazit\u00e4t in Luxemburg liegt bei etwa 2 Millionen Teilen im Jahr.<\/p>\n<img loading=\"lazy\" decoding=\"async\" class=\"aligncenter size-full wp-image-60487\" src=\"https:\/\/fedil.lu\/wp-content\/uploads\/2022\/08\/Glascompetence_\u00a9Webasto_Group.jpg\" alt=\"\" width=\"1920\" height=\"1280\" srcset=\"https:\/\/fedil.lu\/wp-content\/uploads\/2022\/08\/Glascompetence_\u00a9Webasto_Group.jpg 1920w, https:\/\/fedil.lu\/wp-content\/uploads\/2022\/08\/Glascompetence_\u00a9Webasto_Group-480x320.jpg 480w, https:\/\/fedil.lu\/wp-content\/uploads\/2022\/08\/Glascompetence_\u00a9Webasto_Group-1024x683.jpg 1024w, https:\/\/fedil.lu\/wp-content\/uploads\/2022\/08\/Glascompetence_\u00a9Webasto_Group-768x512.jpg 768w, https:\/\/fedil.lu\/wp-content\/uploads\/2022\/08\/Glascompetence_\u00a9Webasto_Group-1536x1024.jpg 1536w\" sizes=\"auto, (max-width: 1920px) 100vw, 1920px\" \/>\n<p><strong>Ausbau der Kompetenzen<\/strong><\/p>\n<p>\u201eDie Elektromobilit\u00e4t und das autonome Fahren haben einen gro\u00dfen Einfluss auf die Entwicklung von Autod\u00e4chern. So steigt die Nachfrage nach immer \u201aintelligenteren\u2018 D\u00e4chern f\u00fcr \u00f6ffnende und nicht-\u00f6ffnende Systeme. Dem Glas kommt hier eine besondere Bedeutung zu. Wir freuen uns, Automobilherstellern weltweit jetzt gemeinsam mit den neuen Kolleginnen und Kollegen in Luxemburg gut durchdachte innovative Ideen f\u00fcr die Mobilit\u00e4t der Zukunft anbieten zu k\u00f6nnen\u201c, erkl\u00e4rt Engelmann.<\/p>\n<p>Freddy Geeraerds, des Webasto Vorstands, global verantwortlich f\u00fcr das Dachgesch\u00e4ft der Unternehmensgruppe erg\u00e4nzt: \u201eDer Kompetenzaufbau in der Glasproduktion er\u00f6ffnet uns viele neue M\u00f6glichkeiten, zum Beispiel in den Bereichen schaltbare Verglasung, ambiente Beleuchtung oder Solard\u00e4cher. Diese Funktionalit\u00e4ten sind nicht l\u00e4nger nur im Premiumsegment gefragt, sondern zunehmend auch bei gro\u00dfvolumigen Fahrzeugen der Klein- und Mittelklasse. Dar\u00fcber hinaus spielt \u201aSmart Glass\u2018 auch bei autonom fahrenden Autos, f\u00fcr die wir auch das Roof Sensor Module entwickelt haben, eine immer wichtigere Rolle, zum Beispiel in Hinblick auf Privatsph\u00e4re, Sicherheit und Unterhaltung. So bietet Webasto schon heute Dachsysteme f\u00fcr die elektrische Zukunft.\u201c<\/p>\n<p>Mit dieser \u00dcbernahme bekunden die Verantwortlichen von Webasto ihr Vertrauen in den Standort Luxemburg und investieren damit nicht nur in die Zukunft der eigenen Firmengruppe, sondern auch in die nachhaltige Erhaltung von Arbeitspl\u00e4tzen und die industrielle Wettbewerbsf\u00e4higkeit des Gro\u00dfherzogtums.<\/p>\n<p><strong>\u00dcber Webasto<\/strong><\/p>\n<p>Die Webasto Gruppe ist globaler innovativer Systempartner der Mobilit\u00e4tsbranche und z\u00e4hlt zu den 100\u202fgr\u00f6\u00dften Zulieferern der Automobilindustrie weltweit. Das Angebot des Unternehmens umfasst eigen entwickelte Dach-, Heiz- und K\u00fchlsysteme f\u00fcr verschiedene Fahrzeugarten, Batterien und Ladel\u00f6sungen f\u00fcr Hybrid- und Elektrofahrzeuge sowie erg\u00e4nzende Services rund um das Thermomanagement und die Elektromobilit\u00e4t. Zu den Kunden von Webasto z\u00e4hlen Hersteller von Personenkraftwagen, Nutzfahrzeugen und Booten ebenso wie H\u00e4ndler und Endkunden. 2021 erzielte die Gruppe einen Umsatz von 3,7\u202fMilliarden Euro und besch\u00e4ftigte rund 15.700 Mitarbeitende an \u00fcber 50 Standorten. Der Hauptsitz des 1901 gegr\u00fcndeten Unternehmens befindet sich in Stockdorf bei M\u00fcnchen. Weitere Informationen finden Sie unter <a href=\"http:\/\/www.webasto-group.com\">www.webasto-group.com<\/a>.<\/p>\n\n    <\/div>\n<\/div>","protected":false},"featured_media":0,"template":"","class_list":["post-60491","member-news","type-member-news","status-publish","hentry"],"acf":[],"_links":{"self":[{"href":"https:\/\/fedil.lu\/de\/wp-json\/wp\/v2\/member-news\/60491","targetHints":{"allow":["GET"]}}],"collection":[{"href":"https:\/\/fedil.lu\/de\/wp-json\/wp\/v2\/member-news"}],"about":[{"href":"https:\/\/fedil.lu\/de\/wp-json\/wp\/v2\/types\/member-news"}],"version-history":[{"count":2,"href":"https:\/\/fedil.lu\/de\/wp-json\/wp\/v2\/member-news\/60491\/revisions"}],"predecessor-version":[{"id":60493,"href":"https:\/\/fedil.lu\/de\/wp-json\/wp\/v2\/member-news\/60491\/revisions\/60493"}],"wp:attachment":[{"href":"https:\/\/fedil.lu\/de\/wp-json\/wp\/v2\/media?parent=60491"}],"curies":[{"name":"wp","href":"https:\/\/api.w.org\/{rel}","templated":true}]}}