{"id":37381,"date":"2022-01-03T13:57:32","date_gmt":"2022-01-03T12:57:32","guid":{"rendered":"https:\/\/fedil.lu\/member-news\/enovos-services-devient-teseos\/"},"modified":"2022-01-03T13:57:32","modified_gmt":"2022-01-03T12:57:32","slug":"enovos-services-devient-teseos","status":"publish","type":"member-news","link":"https:\/\/fedil.lu\/en\/member-news\/enovos-services-devient-teseos\/","title":{"rendered":"Enovos Services devient Teseos"},"content":{"rendered":"<div class=\"text-block js-section\">\n    <h2 class=\"text-block__title\" data-page-navigation=\"\">\n        \n    <\/h2>\n    <div class=\"text-block__text format-text\">\n        <p><em>En 2017, le Groupe Encevo a d\u00e9cid\u00e9 de d\u00e9velopper des activit\u00e9s autour des services techniques. Ainsi a \u00e9t\u00e9 cr\u00e9\u00e9 en 2018 la soci\u00e9t\u00e9 holding op\u00e9rationnelle Enovos Services Luxembourg avec un management d\u00e9di\u00e9 \u00e0 cette activit\u00e9. Les services techniques s\u2019\u00e9tant d\u00e9velopp\u00e9s vers une activit\u00e9 toujours plus importante et mature, le Groupe Encevo a attribu\u00e9 un nouveau nom propre \u00e0 cette activit\u00e9, d\u00e9sormais connue sous le nom de Teseos.<\/em><\/p>\n<p>Comme pour l\u2019unbundling des activit\u00e9s de l\u2019op\u00e9rateur de r\u00e9seaux Creos et de la fourniture d\u2019\u00e9nergie par Enovos, le Groupe Encevo s\u2019est donn\u00e9 une gouvernance neutre mais stricte, n\u00e9cessaire pour g\u00e9rer ce troisi\u00e8me pilier, qui est venu s\u2019ajouter aux activit\u00e9s historiques du groupe. Ainsi a \u00e9t\u00e9 cr\u00e9\u00e9 en 2018 la soci\u00e9t\u00e9 de holding op\u00e9rationnelle Enovos Services Luxembourg avec un management d\u00e9di\u00e9 \u00e0 cette activit\u00e9.<\/p>\n<p>Les services techniques s\u2019\u00e9tant d\u00e9velopp\u00e9s vers une activit\u00e9 toujours plus importante et mature, le Groupe a donc d\u00e9cid\u00e9 d\u2019attribuer un nouveau nom propre \u00e0 cette activit\u00e9, d\u00e9sormais connue sous le nom de Teseos. Cette d\u00e9nomination unique, bien qu\u2019ind\u00e9pendante des autres piliers du groupe (repr\u00e9sent\u00e9s par Creos et Enovos) affiche n\u00e9anmoins un lien visuel et un nom apparent\u00e9 aux autres soci\u00e9t\u00e9s du Groupe. Cette nouvelle identit\u00e9 permettra \u00e9galement de mieux distinguer cette activit\u00e9 des deux autres activit\u00e9s principales du groupe, notamment du fournisseur d\u2019\u00e9nergie Enovos.<\/p>\n<p>Apr\u00e8s trois ann\u00e9es de d\u00e9veloppement, l\u2019activit\u00e9 autour des services techniques regroupe aujourd\u2019hui directement et \u00e0 travers des participations huit soci\u00e9t\u00e9s avec plus de 700 collaborateurs. S\u2019y ajoute la soci\u00e9t\u00e9 diego, anciennement un r\u00e9seau d\u2019artisans franchis\u00e9s via une collaboration avec la F\u00e9d\u00e9ration des Artisans. Diego est d\u00e9sormais une soci\u00e9t\u00e9 commerciale propre qui appartient \u00e0 100% \u00e0 Teseos. Diego collaborera \u00e9troitement avec les acteurs du march\u00e9 et l\u2019initiative continue \u00e0 b\u00e9n\u00e9ficier du soutien de la F\u00e9d\u00e9ration des Artisans. La soci\u00e9t\u00e9 pr\u00e9sentera ses activit\u00e9s plus en d\u00e9tail dans les semaines \u00e0 venir.<\/p>\n<p>Les diff\u00e9rents domaines d\u2019activit\u00e9s du Groupe Encevo lui donnent une vue et une expertise globale sur le monde \u00e9nerg\u00e9tique, ce qui en fait un acteur \u00e9nerg\u00e9tique unique au Luxembourg et dans la Grande-R\u00e9gion.<\/p>\n<p>Esch-sur-Alzette, le 3 janvier 2022<\/p>\n\n    <\/div>\n<\/div>","protected":false},"featured_media":0,"template":"","class_list":["post-37381","member-news","type-member-news","status-publish","hentry"],"acf":[],"_links":{"self":[{"href":"https:\/\/fedil.lu\/en\/wp-json\/wp\/v2\/member-news\/37381","targetHints":{"allow":["GET"]}}],"collection":[{"href":"https:\/\/fedil.lu\/en\/wp-json\/wp\/v2\/member-news"}],"about":[{"href":"https:\/\/fedil.lu\/en\/wp-json\/wp\/v2\/types\/member-news"}],"version-history":[{"count":0,"href":"https:\/\/fedil.lu\/en\/wp-json\/wp\/v2\/member-news\/37381\/revisions"}],"wp:attachment":[{"href":"https:\/\/fedil.lu\/en\/wp-json\/wp\/v2\/media?parent=37381"}],"curies":[{"name":"wp","href":"https:\/\/api.w.org\/{rel}","templated":true}]}}