{"id":68230,"date":"2024-07-02T11:52:15","date_gmt":"2024-07-02T09:52:15","guid":{"rendered":"https:\/\/fedil.lu\/press-releases\/la-competitivite-europeenne-au-coeur-de-nos-preoccupations\/"},"modified":"2024-07-02T11:52:15","modified_gmt":"2024-07-02T09:52:15","slug":"la-competitivite-europeenne-au-coeur-de-nos-preoccupations","status":"publish","type":"press-release","link":"https:\/\/fedil.lu\/en\/press-releases\/la-competitivite-europeenne-au-coeur-de-nos-preoccupations\/","title":{"rendered":"La comp\u00e9titivit\u00e9 europ\u00e9enne au coeur de nos pr\u00e9occupations"},"content":{"rendered":"<div class=\"text-block js-section\">\n    <h2 class=\"text-block__title\" data-page-navigation=\"\">\n        \n    <\/h2>\n    <div class=\"text-block__text format-text\">\n        <p><em>Luxembourg, le 2 juillet 2024 &#8211;<\/em> Dans sa r\u00e9union du 1<sup>er<\/sup> juillet 2024, le conseil d\u2019administration de la FEDIL a abord\u00e9 la situation comp\u00e9titive europ\u00e9enne dans les secteurs repr\u00e9sent\u00e9s par la f\u00e9d\u00e9ration. Son analyse confirme les difficult\u00e9s auxquelles plusieurs secteurs, et notamment le secteur manufacturier, font face dans un contexte, o\u00f9 l\u2018Union europ\u00e9enne a pris un s\u00e9rieux retard comp\u00e9titif par rapport aux principaux espaces \u00e9conomiques concurrents.<\/p>\n<p>Un mois apr\u00e8s les \u00e9lections europ\u00e9ennes et en vue de la formation de la nouvelle Commission europ\u00e9enne, la FEDIL lance un appel aux mesures correctrices destin\u00e9es \u00e0 redresser la situation comp\u00e9titive et \u00e0 am\u00e9liorer ainsi les perspectives \u00e9conomiques et sociales pour l\u2018Union.<\/p>\n<h2 id='s-politique-energetique-europeenne'>Politique \u00e9nerg\u00e9tique europ\u00e9enne<\/h2>\n<p>Afin offrir une perspective d\u2019avenir aux industries intensives en \u00e9nergie, il faudra garantir l\u2019ad\u00e9quation entre l\u2019offre et la demande d\u2018\u00e9nergie dans une logique de march\u00e9 int\u00e9rieur, en acc\u00e9l\u00e9rant le d\u00e9ploiement des productions d\u00e9carbon\u00e9es et des technologies de stockage. Ainsi, pour les ann\u00e9es \u00e0 venir, le \u00ab\u00a0Green Deal\u00a0\u00bb devra bien tirer avantage des progr\u00e8s technologiques, mais \u00e9viter une pr\u00e9cipitation qui ne ferait qu\u2018acc\u00e9l\u00e9rer le mouvement de d\u00e9sindustrialisation sans aucun effet positif sur les \u00e9missions globales de gaz \u00e0 effet de serre.<\/p>\n<h2 id='s-sattaquer-serieusement-a-la-simplification-administrative'>S\u2019attaquer s\u00e9rieusement \u00e0 la simplification administrative<\/h2>\n<p>La FEDIL consid\u00e8re qu\u2019il est essentiel que la prochaine Commission europ\u00e9enne mette fin au tsunami r\u00e9glementaire et corrige les erreurs des derni\u00e8res ann\u00e9es. Il s\u2019agira d\u2019am\u00e9liorer la qualit\u00e9 de la future r\u00e9glementation, entre autres, en l\u2019inscrivant davantage dans une logique de respect des principes du march\u00e9 int\u00e9rieur et en anticipant les probl\u00e8mes de faisabilit\u00e9 et de lourdeur administrative \u00e0 \u00e9carter d\u00e8s la conception de la r\u00e9glementation.<\/p>\n<p>Une autre priorit\u00e9 devra \u00eatre de promouvoir un cadre propice \u00e0 l\u2018innovation et \u00e0 la modernisation de l\u2019\u00e9conomie europ\u00e9enne, en agissant sur les leviers de la recherche, du transfert technologique, du financement et de l\u2019acc\u00e9l\u00e9ration des proc\u00e9dures.<\/p>\n<h2 id='s-autonomie-strategique-ouverte'>Autonomie strat\u00e9gique ouverte<\/h2>\n<p>Compte tenu de l\u2019ambition d\u2019am\u00e9liorer l&#8217;ind\u00e9pendance de l&#8217;Europe dans des domaines critiques tout en maintenant l&#8217;ouverture \u00e0 la coop\u00e9ration et au commerce mondial, l\u2019UE devra conclure de nouveaux accords commerciaux, dont l\u2019approbation devrait \u00eatre d\u00e9cid\u00e9e sur le seul plan europ\u00e9en, la politique commerciale de l\u2019UE relevant pour l\u2019essentiel de la comp\u00e9tence exclusive de l\u2019Union. Ceci dans un souci de garantir l\u2019acc\u00e8s aux mati\u00e8res premi\u00e8res et de favoriser la localisation de cha\u00eenes de valeurs strat\u00e9giques en Europe.<\/p>\n<p>Le rapport Enrico Letta sur l\u2019avenir du march\u00e9 unique, remis le 18 avril au Conseil, a d\u00e9j\u00e0 propos\u00e9 une s\u00e9rie d\u2019am\u00e9liorations et on serait \u00e9tonn\u00e9 de ne pas lire un appel \u00e0 l\u2019action correctrice dans celui que Mario Draghi pr\u00e9sentera \u00e0 la nouvelle Commission sur la comp\u00e9titivit\u00e9 europ\u00e9enne. BusinessEurope, au nom des 20 millions d\u2019entreprises petites et grandes et des 40 f\u00e9d\u00e9rations nationales qu\u2019elle repr\u00e9sente, montre le chemin \u00e0 suivre en proposant un \u201cNew European Competitiveness Deal\u201d aux responsables politiques qui tiendront les r\u00eanes durant les cinq ans \u00e0 venir.<\/p>\n\n    <\/div>\n<\/div>\n\n<div class=\"contacts-block js-section\">\n    <h2 class=\"contacts-block__title\" data-page-navigation=\"Contact de presse FEDIL\">\n        Contact de presse FEDIL\n    <\/h2>\n            <div class=\"contact-cards\">\n                                                <div class=\"contact-card__inner\">\n        <div class=\"contact-card\">\n                    <img decoding=\"async\" src=\"https:\/\/fedil.lu\/wp-content\/uploads\/2022\/04\/LAS8554-200x200.jpg\" srcset=\"\" class=\"contact-card__photo\" loading=\"lazy\"  \/>\n            <\/div>\n    \n    <div class=\"contact-card__title\">\n        <strong>Laurence Kayl<\/strong>\n    <\/div>\n    <p class=\"contact-card__email\">laurence.kayl@fedil.lu<\/p>\n    <p class=\"contact-card__phone\">+352 43 53 66-617\n    <\/p>\n<\/div>                                    <\/div>\n    <\/div>","protected":false},"excerpt":{"rendered":"","protected":false},"author":14,"featured_media":60338,"template":"","class_list":["post-68230","press-release","type-press-release","status-publish","has-post-thumbnail","hentry"],"acf":[],"_links":{"self":[{"href":"https:\/\/fedil.lu\/en\/wp-json\/wp\/v2\/press-release\/68230","targetHints":{"allow":["GET"]}}],"collection":[{"href":"https:\/\/fedil.lu\/en\/wp-json\/wp\/v2\/press-release"}],"about":[{"href":"https:\/\/fedil.lu\/en\/wp-json\/wp\/v2\/types\/press-release"}],"author":[{"embeddable":true,"href":"https:\/\/fedil.lu\/en\/wp-json\/wp\/v2\/users\/14"}],"version-history":[{"count":0,"href":"https:\/\/fedil.lu\/en\/wp-json\/wp\/v2\/press-release\/68230\/revisions"}],"wp:featuredmedia":[{"embeddable":true,"href":"https:\/\/fedil.lu\/en\/wp-json\/wp\/v2\/media\/60338"}],"wp:attachment":[{"href":"https:\/\/fedil.lu\/en\/wp-json\/wp\/v2\/media?parent=68230"}],"curies":[{"name":"wp","href":"https:\/\/api.w.org\/{rel}","templated":true}]}}