{"id":19080,"date":"2020-07-03T17:13:03","date_gmt":"2020-07-03T15:13:03","guid":{"rendered":"https:\/\/fedil.lu\/?post_type=member-news&#038;p=19080"},"modified":"2020-07-03T17:13:03","modified_gmt":"2020-07-03T15:13:03","slug":"les-societes-du-groupe-alipa-certifiees-iso-27001-gage-de-securite-pour-les-donnees-de-leurs-partenaires","status":"publish","type":"member-news","link":"https:\/\/fedil.lu\/fr\/member-news\/les-societes-du-groupe-alipa-certifiees-iso-27001-gage-de-securite-pour-les-donnees-de-leurs-partenaires\/","title":{"rendered":"Les soci\u00e9t\u00e9s du Groupe ALIPA certifi\u00e9es ISO 27001, gage de s\u00e9curit\u00e9 pour les donn\u00e9es de leurs partenaires."},"content":{"rendered":"<p>Afin de poursuivre son engagement strat\u00e9gique en mati\u00e8re de cybers\u00e9curit\u00e9, <strong>ALIPA Group, le sp\u00e9cialiste du levage et de l\u2019emballage industriel, confirme la fiabilit\u00e9 de ses proc\u00e8s mis en place en obtenant la certification ISO\u00a027001. <\/strong>Internationalement reconnue et d\u00e9livr\u00e9e par l\u2019organisme de certification Euro-Quality Systems, la certification ISO\u00a027001 fait preuve d\u2019une bonne gestion de la s\u00e9curit\u00e9 de l\u2019information. Elle fournit aux entreprises de toutes tailles des lignes directrices claires pour la planification, la mise en \u0153uvre, le suivi et l&rsquo;am\u00e9lioration de la s\u00e9curit\u00e9 de l&rsquo;information. Il s&rsquo;agit donc de la plus importante certification en mati\u00e8re de cybers\u00e9curit\u00e9.<\/p>\n<p><strong>Un d\u00e9veloppement p\u00e9renne<\/strong><\/p>\n<p>Le traitement des risques li\u00e9s aux syst\u00e8mes informatiques a toujours \u00e9t\u00e9 un sujet prioritaire au sein du Groupe ALIPA, mais seulement peu de soci\u00e9t\u00e9s ont jusqu\u2019\u00e0 pr\u00e9sent obtenu la certification ISO\u00a027001. \u00ab\u00a0<em>Nous sommes donc d\u2019autant plus fiers d\u2019avoir rempli les crit\u00e8res \u00e0 l\u2019obtention<\/em>\u00a0\u00bb, d\u00e9clare Fabienne ANNET, Manager RH &amp; Qualit\u00e9 et responsable du syst\u00e8me de management int\u00e9gr\u00e9 du Groupe ALIPA. Un syst\u00e8me de gestion de la s\u00e9curit\u00e9 de l&rsquo;information conforme \u00e0 la norme ISO\u00a027001 est constamment optimis\u00e9 et adapt\u00e9 aux nouvelles circonstances. De cette fa\u00e7on, on peut identifier les faiblesses avant qu&rsquo;elles ne deviennent une faille de s\u00e9curit\u00e9.<\/p>\n<p>Il est certain qu\u2019un tel syst\u00e8me de gestion de la s\u00e9curit\u00e9 de l\u2019information prot\u00e8ge l\u2019entreprise contre les interruptions ind\u00e9sirables, les cons\u00e9quences d&rsquo;\u00e9ventuelles attaques informatiques, la perte de donn\u00e9es ou les abus. Avec la certification ISO\u00a027001, ALIPA Group souhaite donc entre autres soutenir son d\u00e9veloppement p\u00e9renne.<\/p>\n<p><strong>Mise en \u0153uvre d\u2019exigences externes<\/strong><\/p>\n<p>\u00ab\u00a0<em>Aujourd\u2019hui, il est \u00e9galement important de r\u00e9pondre aux exigences externes au niveau des r\u00e9glementations europ\u00e9ennes, notamment dans le cadre du nouveau R\u00e8glement G\u00e9n\u00e9ral sur la Protection des Donn\u00e9es<\/em>\u00a0\u00bb, explique Fabienne ANNET. La norme ISO\u00a027001 garantit que les donn\u00e9es sont \u00e0 la fois utilis\u00e9es de mani\u00e8re optimale et stock\u00e9es en toute s\u00e9curit\u00e9. La politique de la s\u00e9curit\u00e9 de l\u2019information contribue ainsi \u00e0 la protection contre les risques op\u00e9rationnels &#8211; une exigence prioritaire que les auditeurs et les r\u00e9glementations europ\u00e9ennes imposent aux entreprises.<\/p>\n<p><strong>Une solide base de confiance<\/strong><\/p>\n<p>Pour ALIPA Group, un autre objectif de la certification est \u00e9videmment d\u2019\u00e9tablir une solide base de confiance avec ses clients. Le fait qu&rsquo;une entreprise traite les informations consciencieusement est un crit\u00e8re essentiel pour de nombreux clients et partenaires dans leur d\u00e9cision de partager ou non leurs donn\u00e9es. \u00ab\u00a0<em>Nous pouvons d\u00e9sormais nous pr\u00e9senter comme un prestataire fiable pouvant attester de garanties en la mati\u00e8re. Cela nous permettra certainement de fid\u00e9liser nos clients existants, mais \u00e9galement d\u2019en attirer de nouveaux<\/em>\u00a0\u00bb, conclut Madame ANNET.<\/p>\n<p>Le <a href=\"https:\/\/www.alipa.lu\/\">Groupe ALIPA<\/a> est compos\u00e9 de 6 soci\u00e9t\u00e9s actives dans le levage et l\u2019emballage : <a href=\"https:\/\/codipro.net\">CODIPRO<\/a> (anneaux de levage articul\u00e9s), <a href=\"https:\/\/no-nailboxes.com\/\">NO-NAIL BOXES<\/a> (caisses pliantes en bois contreplaqu\u00e9 et acier pour l\u2019industrie), <a href=\"http:\/\/lifteurop.com\/\">LIFTEUROP et STAS<\/a> (mat\u00e9riel et accessoires de levage), <a href=\"http:\/\/allpackservices.lu\/\">AllPack Services<\/a> et <a href=\"http:\/\/walupackservices.be\/\">WaluPack Services<\/a> (emballage industriel). Les soci\u00e9t\u00e9s du Groupe ALIPA emploient environ 150 personnes dans 3 pays : au Grand-Duch\u00e9 de Luxembourg, en Belgique et en France. Elles r\u00e9alisent un chiffre d\u2019affaires global de 27 millions d\u2019euros.<\/p>\n<p>&nbsp;<\/p>\n<p>Pour plus d\u2019informations, vous pouvez contacter\u00a0:<\/p>\n<p><strong>ALIPA Group <\/strong><\/p>\n<p>Jenny LENTZ<\/p>\n<p>25, Salzbaach \u2013 L-9559 Wiltz<\/p>\n<p>T\u00e9l : +352 81 92 81 259 \u2013 Email : <u>jlentz<\/u><a href=\"mailto:jlentz@alipa.lu\">@alipa.lu<\/a><\/p>\n<p>Visitez notre site : www.alipa.lu<\/p>\n","protected":false},"featured_media":0,"template":"","class_list":["post-19080","member-news","type-member-news","status-publish","hentry"],"acf":[],"_links":{"self":[{"href":"https:\/\/fedil.lu\/fr\/wp-json\/wp\/v2\/member-news\/19080","targetHints":{"allow":["GET"]}}],"collection":[{"href":"https:\/\/fedil.lu\/fr\/wp-json\/wp\/v2\/member-news"}],"about":[{"href":"https:\/\/fedil.lu\/fr\/wp-json\/wp\/v2\/types\/member-news"}],"version-history":[{"count":0,"href":"https:\/\/fedil.lu\/fr\/wp-json\/wp\/v2\/member-news\/19080\/revisions"}],"wp:attachment":[{"href":"https:\/\/fedil.lu\/fr\/wp-json\/wp\/v2\/media?parent=19080"}],"curies":[{"name":"wp","href":"https:\/\/api.w.org\/{rel}","templated":true}]}}