{"id":20251,"date":"2020-10-16T11:48:12","date_gmt":"2020-10-16T09:48:12","guid":{"rendered":"https:\/\/fedil.lu\/?post_type=member-news&#038;p=20251"},"modified":"2020-10-16T11:48:12","modified_gmt":"2020-10-16T09:48:12","slug":"lart-de-voyager-une-piece-a-deux-actes","status":"publish","type":"member-news","link":"https:\/\/fedil.lu\/fr\/member-news\/lart-de-voyager-une-piece-a-deux-actes\/","title":{"rendered":"L\u2019art de voyager, une pi\u00e8ce \u00e0 deux actes."},"content":{"rendered":"<img loading=\"lazy\" decoding=\"async\" class=\"aligncenter size-full wp-image-20252\" src=\"https:\/\/fedil.lu\/wp-content\/uploads\/2020\/10\/LX-LQA-Sumo-\u00a9Luxair-scaled.jpg\" alt=\"\" width=\"2560\" height=\"1707\" srcset=\"https:\/\/fedil.lu\/wp-content\/uploads\/2020\/10\/LX-LQA-Sumo-\u00a9Luxair-scaled.jpg 2560w, https:\/\/fedil.lu\/wp-content\/uploads\/2020\/10\/LX-LQA-Sumo-\u00a9Luxair-480x320.jpg 480w, https:\/\/fedil.lu\/wp-content\/uploads\/2020\/10\/LX-LQA-Sumo-\u00a9Luxair-1024x683.jpg 1024w, https:\/\/fedil.lu\/wp-content\/uploads\/2020\/10\/LX-LQA-Sumo-\u00a9Luxair-768x512.jpg 768w, https:\/\/fedil.lu\/wp-content\/uploads\/2020\/10\/LX-LQA-Sumo-\u00a9Luxair-1536x1024.jpg 1536w, https:\/\/fedil.lu\/wp-content\/uploads\/2020\/10\/LX-LQA-Sumo-\u00a9Luxair-2048x1365.jpg 2048w, https:\/\/fedil.lu\/wp-content\/uploads\/2020\/10\/LX-LQA-Sumo-\u00a9Luxair-150x100.jpg 150w, https:\/\/fedil.lu\/wp-content\/uploads\/2020\/10\/LX-LQA-Sumo-\u00a9Luxair-300x200.jpg 300w, https:\/\/fedil.lu\/wp-content\/uploads\/2020\/10\/LX-LQA-Sumo-\u00a9Luxair-600x400.jpg 600w, https:\/\/fedil.lu\/wp-content\/uploads\/2020\/10\/LX-LQA-Sumo-\u00a9Luxair-900x600.jpg 900w, https:\/\/fedil.lu\/wp-content\/uploads\/2020\/10\/LX-LQA-Sumo-\u00a9Luxair-1200x800.jpg 1200w, https:\/\/fedil.lu\/wp-content\/uploads\/2020\/10\/LX-LQA-Sumo-\u00a9Luxair-1900x1267.jpg 1900w\" sizes=\"auto, (max-width: 2560px) 100vw, 2560px\" \/>\n<p>Fin juillet, pour le plus grand plaisir de tous, le premier des deux avions rev\u00eatus de couleurs vives et de messages positifs, a \u00e9t\u00e9 d\u00e9voil\u00e9 au public. Souhaitant offrir une exp\u00e9rience de voyage singuli\u00e8re \u00e0 ses passagers en m\u00ealant l\u2019art et le voyage, Luxair s\u2019est associ\u00e9 avec Sumo, artiste luxembourgeois incontournable, pour ce projet de relooking ambitieux. Le Boeing 737-800 qui porte l\u2019immatriculation LX-LGU a entretemps \u00e9t\u00e9 surnomm\u00e9 \u00ab Sumo Fliger \u00bb \/ \u00ab Avion Sumo \u00bb par ses nombreux passagers et enthousiastes.<br \/>\nCet appareil est devenu le symbole d\u2019un \u00e9tat d\u2019esprit au sein de Luxair et en m\u00eame temps la premi\u00e8re galerie d\u2019art volante au Luxembourg.<\/p>\n<p>A travers les cr\u00e9ations de Christian Pearson, aka Sumo, Luxair exprime sa passion et sa motivation pour toujours se r\u00e9inventer et s\u2019adapter.<br \/>\nAujourd\u2019hui, le deuxi\u00e8me avion aux couleurs Sumo prendra les airs pour la premi\u00e8re fois.<br \/>\nCe De Havilland Q400 immatricul\u00e9 LX-LQA v\u00e9hiculera l\u2019art et la passion du m\u00e9tier \u00e0 travers l\u2019Europe centrale, tandis que le Boeing sera surtout op\u00e9r\u00e9 sur les destinations baln\u00e9aires lointaines.<\/p>\n<p>Une fois de plus, Luxair surprend ses clients en leur offrant une exp\u00e9rience unique avec son concept #FlyingIsAnArt et en lan\u00e7ant 9 nouvelles destinations pour cette saison d\u2019hiver.<br \/>\nDes figures color\u00e9es et des textes joyeux sur le fuselage ainsi qu\u2019un am\u00e9nagement de la cabine int\u00e9rieure pass\u00e9e sous les griffes de l\u2019artiste, distinguent les avions \u00ab Sumo \u00bb des autres appareils de sa flotte.<br \/>\nDes repose-t\u00eates aux designs frais et entra\u00eenants, des cadres exposant les oeuvres de l\u2019artiste ainsi que d\u2019autres surprises \u00e0 venir compl\u00e8tent cette exp\u00e9rience de voyager pour en faire un moment sp\u00e9cial et de d\u00e9tente.<br \/>\nLes prochaines vacances sont probablement autant attendues que ce nouvel avion aux couleurs de Sumo. Luxair profite donc de cette occasion pour lancer ses offres \u00ab Autumn special deals \u00bb pour la Toussaint, qui seront disponibles pour sa client\u00e8le d\u00e8s ce lundi.<\/p>\n<p>D\u00e9couvrez l\u2019artiste et ses cr\u00e9ations sur <a href=\"http:\/\/www.sumo.lu\">www.sumo.lu<\/a>.<\/p>\n<p>Voyagez en bonne compagnie et vivez l\u2019exp\u00e9rience Luxair.<br \/>\nNotre concept \u00ab Travel Safe &amp; Clean \u00bb sp\u00e9cialement d\u00e9velopp\u00e9 est parfaitement adapt\u00e9 \u00e0 la situation sanitaire actuelle. Toutes les offres Luxair &amp; LuxairTours sont disponibles sur www.luxair.lu et <a href=\"http:\/\/www.luxairtours.lu\">www.luxairtours.lu<\/a>.<\/p>\n<img loading=\"lazy\" decoding=\"async\" class=\"aligncenter size-full wp-image-20255\" src=\"https:\/\/fedil.lu\/wp-content\/uploads\/2020\/10\/LX-LQA-LX-LGU-1-\u00a9Luxair-scaled.jpg\" alt=\"\" width=\"2560\" height=\"1707\" srcset=\"https:\/\/fedil.lu\/wp-content\/uploads\/2020\/10\/LX-LQA-LX-LGU-1-\u00a9Luxair-scaled.jpg 2560w, https:\/\/fedil.lu\/wp-content\/uploads\/2020\/10\/LX-LQA-LX-LGU-1-\u00a9Luxair-480x320.jpg 480w, https:\/\/fedil.lu\/wp-content\/uploads\/2020\/10\/LX-LQA-LX-LGU-1-\u00a9Luxair-1024x683.jpg 1024w, https:\/\/fedil.lu\/wp-content\/uploads\/2020\/10\/LX-LQA-LX-LGU-1-\u00a9Luxair-768x512.jpg 768w, https:\/\/fedil.lu\/wp-content\/uploads\/2020\/10\/LX-LQA-LX-LGU-1-\u00a9Luxair-1536x1024.jpg 1536w, https:\/\/fedil.lu\/wp-content\/uploads\/2020\/10\/LX-LQA-LX-LGU-1-\u00a9Luxair-2048x1365.jpg 2048w, https:\/\/fedil.lu\/wp-content\/uploads\/2020\/10\/LX-LQA-LX-LGU-1-\u00a9Luxair-150x100.jpg 150w, https:\/\/fedil.lu\/wp-content\/uploads\/2020\/10\/LX-LQA-LX-LGU-1-\u00a9Luxair-300x200.jpg 300w, https:\/\/fedil.lu\/wp-content\/uploads\/2020\/10\/LX-LQA-LX-LGU-1-\u00a9Luxair-600x400.jpg 600w, https:\/\/fedil.lu\/wp-content\/uploads\/2020\/10\/LX-LQA-LX-LGU-1-\u00a9Luxair-900x600.jpg 900w, https:\/\/fedil.lu\/wp-content\/uploads\/2020\/10\/LX-LQA-LX-LGU-1-\u00a9Luxair-1200x800.jpg 1200w, https:\/\/fedil.lu\/wp-content\/uploads\/2020\/10\/LX-LQA-LX-LGU-1-\u00a9Luxair-1900x1267.jpg 1900w\" sizes=\"auto, (max-width: 2560px) 100vw, 2560px\" \/>\n","protected":false},"featured_media":0,"template":"","class_list":["post-20251","member-news","type-member-news","status-publish","hentry"],"acf":[],"_links":{"self":[{"href":"https:\/\/fedil.lu\/fr\/wp-json\/wp\/v2\/member-news\/20251","targetHints":{"allow":["GET"]}}],"collection":[{"href":"https:\/\/fedil.lu\/fr\/wp-json\/wp\/v2\/member-news"}],"about":[{"href":"https:\/\/fedil.lu\/fr\/wp-json\/wp\/v2\/types\/member-news"}],"version-history":[{"count":0,"href":"https:\/\/fedil.lu\/fr\/wp-json\/wp\/v2\/member-news\/20251\/revisions"}],"wp:attachment":[{"href":"https:\/\/fedil.lu\/fr\/wp-json\/wp\/v2\/media?parent=20251"}],"curies":[{"name":"wp","href":"https:\/\/api.w.org\/{rel}","templated":true}]}}